{"id":2740,"date":"2017-10-19T10:26:00","date_gmt":"2017-10-19T08:26:00","guid":{"rendered":"https:\/\/www.inometa.de\/news\/inometa-vereinbart-200-kooperation-ihk-schule-wirtschaft\/"},"modified":"2023-06-14T09:00:35","modified_gmt":"2023-06-14T07:00:35","slug":"inometa-vereinbart-200-kooperation-ihk-schule-wirtschaft","status":"publish","type":"post","link":"https:\/\/www.avanco.de\/en\/news\/inometa-vereinbart-200-kooperation-ihk-schule-wirtschaft\/","title":{"rendered":"INOMETA vereinbart 200. Kooperation IHK-Schule-Wirtschaft"},"content":{"rendered":"\r\n<p>Im Rahmen eines Festaktes mit Gru\u00dfworten von IHK-Hauptgesch\u00e4ftsf\u00fchrer Thomas Niehoff, Regierungspr\u00e4sidentin Marianne Thomann-Stahl und Landrat J\u00fcrgen M\u00fcller wurde INOMETA f\u00fcr den Abschluss der 200. Kooperationsvereinbarung \u201eIHK-Schule-Wirtschaft\u201c ausgezeichnet.<\/p>\r\n\r\n\r\n\r\n<p>INOMETA\u00a0hat mit der St\u00e4dtischen Realschule L\u00f6hne eine Kooperationsvereinbarung zur F\u00f6rderung der Berufsorientierung abgeschlossen und wird zuk\u00fcnftig sehr eng mit interessierten Sch\u00fclern und Lehrern dieser Schule zusammenarbeiten. Im IHK-Bezirk Bielefeld war dies die 200. Vereinbarung, die w\u00fcrdig gefeiert wurde.<\/p>\r\n\r\n\r\n\r\n<figure class=\"wp-block-gallery has-nested-images columns-default is-cropped wp-block-gallery-1 is-layout-flex wp-block-gallery-is-layout-flex\">\r\n<figure class=\"wp-block-image size-large\"><a href=\"https:\/\/www.inometa.de\/wp-content\/uploads\/sites\/2\/2022\/11\/Inometa-Kooperations-Artikelbild.jpg\"><img decoding=\"async\" data-id=\"1663\" class=\"wp-image-1663\" src=\"https:\/\/www.inometa.de\/wp-content\/uploads\/sites\/2\/2022\/11\/Inometa-Kooperations-Artikelbild.jpg\" alt=\"Inometa Kooperation\" \/><\/a><\/figure>\r\n\r\n\r\n\r\n<figure class=\"wp-block-image size-large\"><a href=\"https:\/\/www.inometa.de\/wp-content\/uploads\/sites\/2\/2022\/11\/Inometa-Kooperations-Artikelbild_2.jpg\"><img decoding=\"async\" data-id=\"1665\" class=\"wp-image-1665\" src=\"https:\/\/www.inometa.de\/wp-content\/uploads\/sites\/2\/2022\/11\/Inometa-Kooperations-Artikelbild_2.jpg\" alt=\"Inometa Kooperation\" \/><\/a><\/figure>\r\n<\/figure>\r\n\r\n\r\n\r\n<h2 class=\"wp-block-heading\">Das Westfalen-Blatt berichtet ausf\u00fchrlich<\/h2>\r\n\r\n\r\n\r\n<p>Lesen Sie den vollst\u00e4ndigen Bericht\u00a0zur\u00a0200. Kooperationsvereinbarung IHK-Schule-Wirtschaft mit INOMETA im Westfalen-Blatt Nr. 231 vom 5. Oktober 2017<\/p>\r\n\r\n\r\n\r\n<p><a href=\"https:\/\/www.inometa.de\/wp-content\/uploads\/sites\/2\/2023\/01\/2017-10-05_Herford_-_2017-10-05_print.pdf\" target=\"_blank\" rel=\"noreferrer noopener\">Vollst\u00e4ndigen Artikel \u00f6ffnen (pdf)<\/a><\/p>\r\n\r\n\r\n\r\n<figure class=\"wp-block-image size-full\"><img decoding=\"async\" class=\"wp-image-1667\" src=\"https:\/\/www.inometa.de\/wp-content\/uploads\/sites\/2\/2022\/11\/Inometa-Kooperations-Artikelbild_3.jpg\" alt=\"Inometa Kooperation\" \/><\/figure>\r\n\r\n\r\n<div class=\"wp-bootstrap-blocks-row row p-0 pt-4\">\n\t\r\n\r\n\n<div class=\"col-12 col-md-4 linkboxen\">\n\t\t\t\r\n\r\n\r\n<h4 class=\"wp-block-heading\">Produkte<\/h4>\r\n\r\n\r\n\r\n<figure class=\"wp-block-image size-full\"><a href=\"https:\/\/www.inometa.de\/en\/produkte\/\"><img decoding=\"async\" class=\"wp-image-3198\" src=\"https:\/\/www.inometa.de\/wp-content\/uploads\/sites\/2\/2023\/02\/produkte-banner.jpg\" alt=\"\" \/><\/a><\/figure>\r\n\t<\/div>\n\r\n\r\n\n<div class=\"col-12 col-md-4 linkboxen\">\n\t\t\t\r\n\r\n\r\n<h4 class=\"wp-block-heading\">\u00dcber INOMETA<\/h4>\r\n\r\n\r\n\r\n<figure class=\"wp-block-image size-full\"><a href=\"https:\/\/www.inometa.de\/unternehmen\/uber-inometa\/\"><img decoding=\"async\" class=\"wp-image-65\" src=\"https:\/\/www.inometa.de\/wp-content\/uploads\/sites\/2\/2022\/09\/ueberINOMETA.jpeg\" alt=\"\" \/><\/a><\/figure>\r\n\t<\/div>\n\r\n\r\n\n<div class=\"col-12 col-md-4 linkboxen\">\n\t\t\t\r\n\r\n\r\n<h4 class=\"wp-block-heading\">\u00dcber AVANCO<\/h4>\r\n\r\n\r\n\r\n<figure class=\"wp-block-image size-full\"><a href=\"https:\/\/www.inometa.de\/en\/die-avanco-gruppe\/ueber-avanco\/\"><img decoding=\"async\" class=\"wp-image-359\" src=\"https:\/\/www.inometa.de\/wp-content\/uploads\/sites\/2\/2022\/09\/ueberAvanco.jpg\" alt=\"\" \/><\/a><\/figure>\r\n\t<\/div>\n<\/div>\n","protected":false},"excerpt":{"rendered":"<p>Im Rahmen eines Festaktes mit Gru\u00dfworten von IHK-Hauptgesch\u00e4ftsf\u00fchrer Thomas Niehoff, Regierungspr\u00e4sidentin Marianne Thomann-Stahl und Landrat J\u00fcrgen M\u00fcller wurde INOMETA f\u00fcr den Abschluss der 200. &#8230;<\/p>\n <a href=\"https:\/\/www.avanco.de\/en\/news\/inometa-vereinbart-200-kooperation-ihk-schule-wirtschaft\/\">read more<\/a>","protected":false},"author":3,"featured_media":1557,"comment_status":"closed","ping_status":"open","sticky":false,"template":"","format":"standard","meta":{"_acf_changed":false,"footnotes":""},"categories":[35,32],"tags":[],"class_list":["post-2740","post","type-post","status-publish","format-standard","has-post-thumbnail","hentry","category-aktuelles-en","category-news"],"acf":[],"yoast_head":"<!-- This site is optimized with the Yoast SEO plugin v27.3 - https:\/\/yoast.com\/product\/yoast-seo-wordpress\/ -->\n<title>200. Kooperation IHK-Schule-Wirtschaft | INOMETA<\/title>\n<meta name=\"description\" content=\"INOMETA schlie\u00dft 200. Kooperationsvereinbarung IHK-Schule-Wirtschaft mit der St\u00e4dtischen Realschule L\u00f6hne.\" \/>\n<meta name=\"robots\" content=\"index, follow, max-snippet:-1, max-image-preview:large, max-video-preview:-1\" \/>\n<link rel=\"canonical\" href=\"https:\/\/www.avanco.de\/en\/news\/inometa-vereinbart-200-kooperation-ihk-schule-wirtschaft\/\" \/>\n<meta property=\"og:locale\" content=\"en_US\" \/>\n<meta property=\"og:type\" content=\"article\" \/>\n<meta property=\"og:title\" content=\"200. Kooperation IHK-Schule-Wirtschaft | INOMETA\" \/>\n<meta property=\"og:description\" content=\"INOMETA schlie\u00dft 200. Kooperationsvereinbarung IHK-Schule-Wirtschaft mit der St\u00e4dtischen Realschule L\u00f6hne.\" \/>\n<meta property=\"og:url\" content=\"https:\/\/www.avanco.de\/en\/news\/inometa-vereinbart-200-kooperation-ihk-schule-wirtschaft\/\" \/>\n<meta property=\"og:site_name\" content=\"AVANCO\" \/>\n<meta property=\"article:published_time\" content=\"2017-10-19T08:26:00+00:00\" \/>\n<meta property=\"article:modified_time\" content=\"2023-06-14T07:00:35+00:00\" \/>\n<meta property=\"og:image\" content=\"https:\/\/www.avanco.de\/wp-content\/uploads\/2023\/02\/Inometa-Kooperations-Thumb-Beitragsbild.jpg\" \/>\n\t<meta property=\"og:image:width\" content=\"400\" \/>\n\t<meta property=\"og:image:height\" content=\"225\" \/>\n\t<meta property=\"og:image:type\" content=\"image\/jpeg\" \/>\n<meta name=\"author\" content=\"avanco\" \/>\n<meta name=\"twitter:card\" content=\"summary_large_image\" \/>\n<meta name=\"twitter:label1\" content=\"Written by\" \/>\n\t<meta name=\"twitter:data1\" content=\"avanco\" \/>\n\t<meta name=\"twitter:label2\" content=\"Est. reading time\" \/>\n\t<meta name=\"twitter:data2\" content=\"2 minutes\" \/>\n<script type=\"application\/ld+json\" class=\"yoast-schema-graph\">{\"@context\":\"https:\\\/\\\/schema.org\",\"@graph\":[{\"@type\":\"Article\",\"@id\":\"https:\\\/\\\/www.avanco.de\\\/en\\\/news\\\/inometa-vereinbart-200-kooperation-ihk-schule-wirtschaft\\\/#article\",\"isPartOf\":{\"@id\":\"https:\\\/\\\/www.avanco.de\\\/en\\\/news\\\/inometa-vereinbart-200-kooperation-ihk-schule-wirtschaft\\\/\"},\"author\":{\"name\":\"avanco\",\"@id\":\"https:\\\/\\\/www.avanco.de\\\/en\\\/#\\\/schema\\\/person\\\/1ad6ff166620f902e42b4b6aed146ad1\"},\"headline\":\"INOMETA vereinbart 200. Kooperation IHK-Schule-Wirtschaft\",\"datePublished\":\"2017-10-19T08:26:00+00:00\",\"dateModified\":\"2023-06-14T07:00:35+00:00\",\"mainEntityOfPage\":{\"@id\":\"https:\\\/\\\/www.avanco.de\\\/en\\\/news\\\/inometa-vereinbart-200-kooperation-ihk-schule-wirtschaft\\\/\"},\"wordCount\":112,\"publisher\":{\"@id\":\"https:\\\/\\\/www.avanco.de\\\/en\\\/#organization\"},\"image\":{\"@id\":\"https:\\\/\\\/www.avanco.de\\\/en\\\/news\\\/inometa-vereinbart-200-kooperation-ihk-schule-wirtschaft\\\/#primaryimage\"},\"thumbnailUrl\":\"https:\\\/\\\/www.avanco.de\\\/wp-content\\\/uploads\\\/2023\\\/02\\\/Inometa-Kooperations-Thumb-Beitragsbild.jpg\",\"articleSection\":[\"Aktuelles\",\"News\"],\"inLanguage\":\"en-US\"},{\"@type\":\"WebPage\",\"@id\":\"https:\\\/\\\/www.avanco.de\\\/en\\\/news\\\/inometa-vereinbart-200-kooperation-ihk-schule-wirtschaft\\\/\",\"url\":\"https:\\\/\\\/www.avanco.de\\\/en\\\/news\\\/inometa-vereinbart-200-kooperation-ihk-schule-wirtschaft\\\/\",\"name\":\"200. Kooperation IHK-Schule-Wirtschaft | INOMETA\",\"isPartOf\":{\"@id\":\"https:\\\/\\\/www.avanco.de\\\/en\\\/#website\"},\"primaryImageOfPage\":{\"@id\":\"https:\\\/\\\/www.avanco.de\\\/en\\\/news\\\/inometa-vereinbart-200-kooperation-ihk-schule-wirtschaft\\\/#primaryimage\"},\"image\":{\"@id\":\"https:\\\/\\\/www.avanco.de\\\/en\\\/news\\\/inometa-vereinbart-200-kooperation-ihk-schule-wirtschaft\\\/#primaryimage\"},\"thumbnailUrl\":\"https:\\\/\\\/www.avanco.de\\\/wp-content\\\/uploads\\\/2023\\\/02\\\/Inometa-Kooperations-Thumb-Beitragsbild.jpg\",\"datePublished\":\"2017-10-19T08:26:00+00:00\",\"dateModified\":\"2023-06-14T07:00:35+00:00\",\"description\":\"INOMETA schlie\u00dft 200. Kooperationsvereinbarung IHK-Schule-Wirtschaft mit der St\u00e4dtischen Realschule L\u00f6hne.\",\"breadcrumb\":{\"@id\":\"https:\\\/\\\/www.avanco.de\\\/en\\\/news\\\/inometa-vereinbart-200-kooperation-ihk-schule-wirtschaft\\\/#breadcrumb\"},\"inLanguage\":\"en-US\",\"potentialAction\":[{\"@type\":\"ReadAction\",\"target\":[\"https:\\\/\\\/www.avanco.de\\\/en\\\/news\\\/inometa-vereinbart-200-kooperation-ihk-schule-wirtschaft\\\/\"]}]},{\"@type\":\"ImageObject\",\"inLanguage\":\"en-US\",\"@id\":\"https:\\\/\\\/www.avanco.de\\\/en\\\/news\\\/inometa-vereinbart-200-kooperation-ihk-schule-wirtschaft\\\/#primaryimage\",\"url\":\"https:\\\/\\\/www.avanco.de\\\/wp-content\\\/uploads\\\/2023\\\/02\\\/Inometa-Kooperations-Thumb-Beitragsbild.jpg\",\"contentUrl\":\"https:\\\/\\\/www.avanco.de\\\/wp-content\\\/uploads\\\/2023\\\/02\\\/Inometa-Kooperations-Thumb-Beitragsbild.jpg\",\"width\":400,\"height\":225,\"caption\":\"Inometa Kooperation Thumb\"},{\"@type\":\"BreadcrumbList\",\"@id\":\"https:\\\/\\\/www.avanco.de\\\/en\\\/news\\\/inometa-vereinbart-200-kooperation-ihk-schule-wirtschaft\\\/#breadcrumb\",\"itemListElement\":[{\"@type\":\"ListItem\",\"position\":1,\"name\":\"Home\",\"item\":\"https:\\\/\\\/www.avanco.de\\\/en\\\/\"},{\"@type\":\"ListItem\",\"position\":2,\"name\":\"INOMETA vereinbart 200. Kooperation IHK-Schule-Wirtschaft\"}]},{\"@type\":\"WebSite\",\"@id\":\"https:\\\/\\\/www.avanco.de\\\/en\\\/#website\",\"url\":\"https:\\\/\\\/www.avanco.de\\\/en\\\/\",\"name\":\"AVANCO\",\"description\":\"\",\"publisher\":{\"@id\":\"https:\\\/\\\/www.avanco.de\\\/en\\\/#organization\"},\"potentialAction\":[{\"@type\":\"SearchAction\",\"target\":{\"@type\":\"EntryPoint\",\"urlTemplate\":\"https:\\\/\\\/www.avanco.de\\\/en\\\/?s={search_term_string}\"},\"query-input\":{\"@type\":\"PropertyValueSpecification\",\"valueRequired\":true,\"valueName\":\"search_term_string\"}}],\"inLanguage\":\"en-US\"},{\"@type\":\"Organization\",\"@id\":\"https:\\\/\\\/www.avanco.de\\\/en\\\/#organization\",\"name\":\"AVANCO\",\"url\":\"https:\\\/\\\/www.avanco.de\\\/en\\\/\",\"logo\":{\"@type\":\"ImageObject\",\"inLanguage\":\"en-US\",\"@id\":\"https:\\\/\\\/www.avanco.de\\\/en\\\/#\\\/schema\\\/logo\\\/image\\\/\",\"url\":\"https:\\\/\\\/www.avanco.de\\\/wp-content\\\/uploads\\\/2022\\\/09\\\/BaseLogo.png\",\"contentUrl\":\"https:\\\/\\\/www.avanco.de\\\/wp-content\\\/uploads\\\/2022\\\/09\\\/BaseLogo.png\",\"width\":170,\"height\":58,\"caption\":\"AVANCO\"},\"image\":{\"@id\":\"https:\\\/\\\/www.avanco.de\\\/en\\\/#\\\/schema\\\/logo\\\/image\\\/\"}},{\"@type\":\"Person\",\"@id\":\"https:\\\/\\\/www.avanco.de\\\/en\\\/#\\\/schema\\\/person\\\/1ad6ff166620f902e42b4b6aed146ad1\",\"name\":\"avanco\",\"image\":{\"@type\":\"ImageObject\",\"inLanguage\":\"en-US\",\"@id\":\"https:\\\/\\\/secure.gravatar.com\\\/avatar\\\/fbbc0626cfaa4b7ee89a7b162fa2424a0c7aa663cf67ad78c1fa1801b4cdc53d?s=96&d=mm&r=g\",\"url\":\"https:\\\/\\\/secure.gravatar.com\\\/avatar\\\/fbbc0626cfaa4b7ee89a7b162fa2424a0c7aa663cf67ad78c1fa1801b4cdc53d?s=96&d=mm&r=g\",\"contentUrl\":\"https:\\\/\\\/secure.gravatar.com\\\/avatar\\\/fbbc0626cfaa4b7ee89a7b162fa2424a0c7aa663cf67ad78c1fa1801b4cdc53d?s=96&d=mm&r=g\",\"caption\":\"avanco\"},\"url\":\"https:\\\/\\\/www.avanco.de\\\/en\\\/author\\\/avanco\\\/\"}]}<\/script>\n<!-- \/ Yoast SEO plugin. -->","yoast_head_json":{"title":"200. Kooperation IHK-Schule-Wirtschaft | INOMETA","description":"INOMETA schlie\u00dft 200. Kooperationsvereinbarung IHK-Schule-Wirtschaft mit der St\u00e4dtischen Realschule L\u00f6hne.","robots":{"index":"index","follow":"follow","max-snippet":"max-snippet:-1","max-image-preview":"max-image-preview:large","max-video-preview":"max-video-preview:-1"},"canonical":"https:\/\/www.avanco.de\/en\/news\/inometa-vereinbart-200-kooperation-ihk-schule-wirtschaft\/","og_locale":"en_US","og_type":"article","og_title":"200. Kooperation IHK-Schule-Wirtschaft | INOMETA","og_description":"INOMETA schlie\u00dft 200. Kooperationsvereinbarung IHK-Schule-Wirtschaft mit der St\u00e4dtischen Realschule L\u00f6hne.","og_url":"https:\/\/www.avanco.de\/en\/news\/inometa-vereinbart-200-kooperation-ihk-schule-wirtschaft\/","og_site_name":"AVANCO","article_published_time":"2017-10-19T08:26:00+00:00","article_modified_time":"2023-06-14T07:00:35+00:00","og_image":[{"width":400,"height":225,"url":"https:\/\/www.avanco.de\/wp-content\/uploads\/2023\/02\/Inometa-Kooperations-Thumb-Beitragsbild.jpg","type":"image\/jpeg"}],"author":"avanco","twitter_card":"summary_large_image","twitter_misc":{"Written by":"avanco","Est. reading time":"2 minutes"},"schema":{"@context":"https:\/\/schema.org","@graph":[{"@type":"Article","@id":"https:\/\/www.avanco.de\/en\/news\/inometa-vereinbart-200-kooperation-ihk-schule-wirtschaft\/#article","isPartOf":{"@id":"https:\/\/www.avanco.de\/en\/news\/inometa-vereinbart-200-kooperation-ihk-schule-wirtschaft\/"},"author":{"name":"avanco","@id":"https:\/\/www.avanco.de\/en\/#\/schema\/person\/1ad6ff166620f902e42b4b6aed146ad1"},"headline":"INOMETA vereinbart 200. Kooperation IHK-Schule-Wirtschaft","datePublished":"2017-10-19T08:26:00+00:00","dateModified":"2023-06-14T07:00:35+00:00","mainEntityOfPage":{"@id":"https:\/\/www.avanco.de\/en\/news\/inometa-vereinbart-200-kooperation-ihk-schule-wirtschaft\/"},"wordCount":112,"publisher":{"@id":"https:\/\/www.avanco.de\/en\/#organization"},"image":{"@id":"https:\/\/www.avanco.de\/en\/news\/inometa-vereinbart-200-kooperation-ihk-schule-wirtschaft\/#primaryimage"},"thumbnailUrl":"https:\/\/www.avanco.de\/wp-content\/uploads\/2023\/02\/Inometa-Kooperations-Thumb-Beitragsbild.jpg","articleSection":["Aktuelles","News"],"inLanguage":"en-US"},{"@type":"WebPage","@id":"https:\/\/www.avanco.de\/en\/news\/inometa-vereinbart-200-kooperation-ihk-schule-wirtschaft\/","url":"https:\/\/www.avanco.de\/en\/news\/inometa-vereinbart-200-kooperation-ihk-schule-wirtschaft\/","name":"200. Kooperation IHK-Schule-Wirtschaft | INOMETA","isPartOf":{"@id":"https:\/\/www.avanco.de\/en\/#website"},"primaryImageOfPage":{"@id":"https:\/\/www.avanco.de\/en\/news\/inometa-vereinbart-200-kooperation-ihk-schule-wirtschaft\/#primaryimage"},"image":{"@id":"https:\/\/www.avanco.de\/en\/news\/inometa-vereinbart-200-kooperation-ihk-schule-wirtschaft\/#primaryimage"},"thumbnailUrl":"https:\/\/www.avanco.de\/wp-content\/uploads\/2023\/02\/Inometa-Kooperations-Thumb-Beitragsbild.jpg","datePublished":"2017-10-19T08:26:00+00:00","dateModified":"2023-06-14T07:00:35+00:00","description":"INOMETA schlie\u00dft 200. Kooperationsvereinbarung IHK-Schule-Wirtschaft mit der St\u00e4dtischen Realschule L\u00f6hne.","breadcrumb":{"@id":"https:\/\/www.avanco.de\/en\/news\/inometa-vereinbart-200-kooperation-ihk-schule-wirtschaft\/#breadcrumb"},"inLanguage":"en-US","potentialAction":[{"@type":"ReadAction","target":["https:\/\/www.avanco.de\/en\/news\/inometa-vereinbart-200-kooperation-ihk-schule-wirtschaft\/"]}]},{"@type":"ImageObject","inLanguage":"en-US","@id":"https:\/\/www.avanco.de\/en\/news\/inometa-vereinbart-200-kooperation-ihk-schule-wirtschaft\/#primaryimage","url":"https:\/\/www.avanco.de\/wp-content\/uploads\/2023\/02\/Inometa-Kooperations-Thumb-Beitragsbild.jpg","contentUrl":"https:\/\/www.avanco.de\/wp-content\/uploads\/2023\/02\/Inometa-Kooperations-Thumb-Beitragsbild.jpg","width":400,"height":225,"caption":"Inometa Kooperation Thumb"},{"@type":"BreadcrumbList","@id":"https:\/\/www.avanco.de\/en\/news\/inometa-vereinbart-200-kooperation-ihk-schule-wirtschaft\/#breadcrumb","itemListElement":[{"@type":"ListItem","position":1,"name":"Home","item":"https:\/\/www.avanco.de\/en\/"},{"@type":"ListItem","position":2,"name":"INOMETA vereinbart 200. Kooperation IHK-Schule-Wirtschaft"}]},{"@type":"WebSite","@id":"https:\/\/www.avanco.de\/en\/#website","url":"https:\/\/www.avanco.de\/en\/","name":"AVANCO","description":"","publisher":{"@id":"https:\/\/www.avanco.de\/en\/#organization"},"potentialAction":[{"@type":"SearchAction","target":{"@type":"EntryPoint","urlTemplate":"https:\/\/www.avanco.de\/en\/?s={search_term_string}"},"query-input":{"@type":"PropertyValueSpecification","valueRequired":true,"valueName":"search_term_string"}}],"inLanguage":"en-US"},{"@type":"Organization","@id":"https:\/\/www.avanco.de\/en\/#organization","name":"AVANCO","url":"https:\/\/www.avanco.de\/en\/","logo":{"@type":"ImageObject","inLanguage":"en-US","@id":"https:\/\/www.avanco.de\/en\/#\/schema\/logo\/image\/","url":"https:\/\/www.avanco.de\/wp-content\/uploads\/2022\/09\/BaseLogo.png","contentUrl":"https:\/\/www.avanco.de\/wp-content\/uploads\/2022\/09\/BaseLogo.png","width":170,"height":58,"caption":"AVANCO"},"image":{"@id":"https:\/\/www.avanco.de\/en\/#\/schema\/logo\/image\/"}},{"@type":"Person","@id":"https:\/\/www.avanco.de\/en\/#\/schema\/person\/1ad6ff166620f902e42b4b6aed146ad1","name":"avanco","image":{"@type":"ImageObject","inLanguage":"en-US","@id":"https:\/\/secure.gravatar.com\/avatar\/fbbc0626cfaa4b7ee89a7b162fa2424a0c7aa663cf67ad78c1fa1801b4cdc53d?s=96&d=mm&r=g","url":"https:\/\/secure.gravatar.com\/avatar\/fbbc0626cfaa4b7ee89a7b162fa2424a0c7aa663cf67ad78c1fa1801b4cdc53d?s=96&d=mm&r=g","contentUrl":"https:\/\/secure.gravatar.com\/avatar\/fbbc0626cfaa4b7ee89a7b162fa2424a0c7aa663cf67ad78c1fa1801b4cdc53d?s=96&d=mm&r=g","caption":"avanco"},"url":"https:\/\/www.avanco.de\/en\/author\/avanco\/"}]}},"_links":{"self":[{"href":"https:\/\/www.avanco.de\/en\/wp-json\/wp\/v2\/posts\/2740","targetHints":{"allow":["GET"]}}],"collection":[{"href":"https:\/\/www.avanco.de\/en\/wp-json\/wp\/v2\/posts"}],"about":[{"href":"https:\/\/www.avanco.de\/en\/wp-json\/wp\/v2\/types\/post"}],"author":[{"embeddable":true,"href":"https:\/\/www.avanco.de\/en\/wp-json\/wp\/v2\/users\/3"}],"replies":[{"embeddable":true,"href":"https:\/\/www.avanco.de\/en\/wp-json\/wp\/v2\/comments?post=2740"}],"version-history":[{"count":1,"href":"https:\/\/www.avanco.de\/en\/wp-json\/wp\/v2\/posts\/2740\/revisions"}],"predecessor-version":[{"id":3757,"href":"https:\/\/www.avanco.de\/en\/wp-json\/wp\/v2\/posts\/2740\/revisions\/3757"}],"wp:featuredmedia":[{"embeddable":true,"href":"https:\/\/www.avanco.de\/en\/wp-json\/wp\/v2\/media\/1557"}],"wp:attachment":[{"href":"https:\/\/www.avanco.de\/en\/wp-json\/wp\/v2\/media?parent=2740"}],"wp:term":[{"taxonomy":"category","embeddable":true,"href":"https:\/\/www.avanco.de\/en\/wp-json\/wp\/v2\/categories?post=2740"},{"taxonomy":"post_tag","embeddable":true,"href":"https:\/\/www.avanco.de\/en\/wp-json\/wp\/v2\/tags?post=2740"}],"curies":[{"name":"wp","href":"https:\/\/api.w.org\/{rel}","templated":true}]}}